{"id":902,"date":"2023-07-01T09:35:04","date_gmt":"2023-07-01T07:35:04","guid":{"rendered":"http:\/\/medienagentur-rieger.de\/wordpress\/?p=902"},"modified":"2023-07-07T09:41:41","modified_gmt":"2023-07-07T07:41:41","slug":"interview-in-der-stuttgarter-zeitung","status":"publish","type":"post","link":"http:\/\/medienagentur-rieger.de\/wordpress\/interview-in-der-stuttgarter-zeitung\/","title":{"rendered":"&#8230; Interview in der Stuttgarter Zeitung"},"content":{"rendered":"\n<p>Thomas Faltin hat f\u00fcr die <a href=\"https:\/\/www.stuttgarter-zeitung.de\/inhalt.autorin-ueber-walter-trefz-der-foerster-rebell-wusste-was-wirklich-wichtig-ist.05f8fcc8-99d0-4463-8ebe-3789b98703f7.html\">Stuttgarter Zeitung<\/a> mit mir \u00fcber Walter Trefz, das Waldsterben damals und den Wald heute in Zeiten der Klimakrise gesprochen: &#8222;Der F\u00f6rster-Rebell wusste, was wirklich wichtig ist.&#8220;<\/p>\n\n\n\n<p>  <\/p>\n","protected":false},"excerpt":{"rendered":"<p>Thomas Faltin hat f\u00fcr die Stuttgarter Zeitung mit mir \u00fcber Walter Trefz, das Waldsterben damals und den Wald heute in Zeiten der Klimakrise gesprochen: &#8222;Der F\u00f6rster-Rebell wusste, was wirklich wichtig ist.&#8220;<\/p>\n","protected":false},"author":1,"featured_media":0,"comment_status":"closed","ping_status":"closed","sticky":false,"template":"","format":"standard","meta":{"footnotes":""},"categories":[1],"tags":[61,74,73,28,64,60],"_links":{"self":[{"href":"http:\/\/medienagentur-rieger.de\/wordpress\/wp-json\/wp\/v2\/posts\/902"}],"collection":[{"href":"http:\/\/medienagentur-rieger.de\/wordpress\/wp-json\/wp\/v2\/posts"}],"about":[{"href":"http:\/\/medienagentur-rieger.de\/wordpress\/wp-json\/wp\/v2\/types\/post"}],"author":[{"embeddable":true,"href":"http:\/\/medienagentur-rieger.de\/wordpress\/wp-json\/wp\/v2\/users\/1"}],"replies":[{"embeddable":true,"href":"http:\/\/medienagentur-rieger.de\/wordpress\/wp-json\/wp\/v2\/comments?post=902"}],"version-history":[{"count":3,"href":"http:\/\/medienagentur-rieger.de\/wordpress\/wp-json\/wp\/v2\/posts\/902\/revisions"}],"predecessor-version":[{"id":905,"href":"http:\/\/medienagentur-rieger.de\/wordpress\/wp-json\/wp\/v2\/posts\/902\/revisions\/905"}],"wp:attachment":[{"href":"http:\/\/medienagentur-rieger.de\/wordpress\/wp-json\/wp\/v2\/media?parent=902"}],"wp:term":[{"taxonomy":"category","embeddable":true,"href":"http:\/\/medienagentur-rieger.de\/wordpress\/wp-json\/wp\/v2\/categories?post=902"},{"taxonomy":"post_tag","embeddable":true,"href":"http:\/\/medienagentur-rieger.de\/wordpress\/wp-json\/wp\/v2\/tags?post=902"}],"curies":[{"name":"wp","href":"https:\/\/api.w.org\/{rel}","templated":true}]}}