{"id":804,"date":"2023-01-03T22:24:02","date_gmt":"2023-01-03T21:24:02","guid":{"rendered":"http:\/\/medienagentur-rieger.de\/wordpress\/?p=804"},"modified":"2023-04-20T22:19:53","modified_gmt":"2023-04-20T20:19:53","slug":"meine-erinnerungen-an-den-rebellischen-foerster-walter-trefz","status":"publish","type":"post","link":"http:\/\/medienagentur-rieger.de\/wordpress\/meine-erinnerungen-an-den-rebellischen-foerster-walter-trefz\/","title":{"rendered":"&#8230; das Interview auf SWR4 zu meinen Erinnerungen an den rebellischen F\u00f6rster Walter Trefz"},"content":{"rendered":"\n<p>Zum Erscheinen meines Buches &#8222;Der Walder vom Schwarzwald&#8220; im Verlag Kr\u00f6ner Edition Kl\u00f6pfer am 23. M\u00e4rz 2023 befragte mich Thomas Scholz f\u00fcr SWR4 zu meinen Erinnerungen an den rebellischen F\u00f6rster Walter Trefz. Seit 2016 habe ich bei vielen Begegnungen und Gespr\u00e4chen mit dem Kniebisf\u00f6rster auf dem Kniebis seine Erinnerungen und Gedanken aufgezeichnet. Ich habe mit Weggef\u00e4hrtInnen gesprochen und Menschen befragt, die ihm kritisch gegen\u00fcberstanden. Walder, wie ich ihn nenne, hat dem Wald und der Wildnis eine Stimme gegeben, die viele Menschen tief angesprochen hat. Zugleich hat er sich mit seiner Forderung, radikal umzudenken, immer wieder Feinde gemacht. Als er am 29. Juli 2021 unerwartet starb, habe ich begonnen, seine Lebensgeschichte aufzuschreiben. Sie bezeugt ein Naturverst\u00e4ndnis von ganz besonderer G\u00fcte.  <\/p>\n\n\n\n<figure class=\"wp-block-image size-large\"><img loading=\"lazy\" decoding=\"async\" width=\"643\" height=\"1024\" src=\"http:\/\/medienagentur-rieger.de\/wordpress\/wp-content\/uploads\/2023\/03\/COV_Rieger_Der-Walder-vom-Schwarzwald-5-643x1024.jpg\" alt=\"\" class=\"wp-image-852\" srcset=\"http:\/\/medienagentur-rieger.de\/wordpress\/wp-content\/uploads\/2023\/03\/COV_Rieger_Der-Walder-vom-Schwarzwald-5-643x1024.jpg 643w, http:\/\/medienagentur-rieger.de\/wordpress\/wp-content\/uploads\/2023\/03\/COV_Rieger_Der-Walder-vom-Schwarzwald-5-189x300.jpg 189w, http:\/\/medienagentur-rieger.de\/wordpress\/wp-content\/uploads\/2023\/03\/COV_Rieger_Der-Walder-vom-Schwarzwald-5-768x1222.jpg 768w, http:\/\/medienagentur-rieger.de\/wordpress\/wp-content\/uploads\/2023\/03\/COV_Rieger_Der-Walder-vom-Schwarzwald-5-965x1536.jpg 965w, http:\/\/medienagentur-rieger.de\/wordpress\/wp-content\/uploads\/2023\/03\/COV_Rieger_Der-Walder-vom-Schwarzwald-5-1287x2048.jpg 1287w, http:\/\/medienagentur-rieger.de\/wordpress\/wp-content\/uploads\/2023\/03\/COV_Rieger_Der-Walder-vom-Schwarzwald-5-700x1114.jpg 700w, http:\/\/medienagentur-rieger.de\/wordpress\/wp-content\/uploads\/2023\/03\/COV_Rieger_Der-Walder-vom-Schwarzwald-5-scaled.jpg 1609w\" sizes=\"(max-width: 643px) 100vw, 643px\" \/><\/figure>\n","protected":false},"excerpt":{"rendered":"<p>Zum Erscheinen meines Buches &#8222;Der Walder vom Schwarzwald&#8220; im Verlag Kr\u00f6ner Edition Kl\u00f6pfer am 23. M\u00e4rz 2023 befragte mich Thomas Scholz f\u00fcr SWR4 zu meinen Erinnerungen an den rebellischen F\u00f6rster Walter Trefz. Seit 2016 habe ich bei vielen Begegnungen und Gespr\u00e4chen mit dem Kniebisf\u00f6rster auf dem Kniebis seine Erinnerungen und &#8230;<\/p>\n","protected":false},"author":1,"featured_media":0,"comment_status":"closed","ping_status":"closed","sticky":false,"template":"","format":"standard","meta":{"footnotes":""},"categories":[1],"tags":[70,71,61,58,69,65,67,63,66,68,28,72,59,64,60,62],"_links":{"self":[{"href":"http:\/\/medienagentur-rieger.de\/wordpress\/wp-json\/wp\/v2\/posts\/804"}],"collection":[{"href":"http:\/\/medienagentur-rieger.de\/wordpress\/wp-json\/wp\/v2\/posts"}],"about":[{"href":"http:\/\/medienagentur-rieger.de\/wordpress\/wp-json\/wp\/v2\/types\/post"}],"author":[{"embeddable":true,"href":"http:\/\/medienagentur-rieger.de\/wordpress\/wp-json\/wp\/v2\/users\/1"}],"replies":[{"embeddable":true,"href":"http:\/\/medienagentur-rieger.de\/wordpress\/wp-json\/wp\/v2\/comments?post=804"}],"version-history":[{"count":5,"href":"http:\/\/medienagentur-rieger.de\/wordpress\/wp-json\/wp\/v2\/posts\/804\/revisions"}],"predecessor-version":[{"id":883,"href":"http:\/\/medienagentur-rieger.de\/wordpress\/wp-json\/wp\/v2\/posts\/804\/revisions\/883"}],"wp:attachment":[{"href":"http:\/\/medienagentur-rieger.de\/wordpress\/wp-json\/wp\/v2\/media?parent=804"}],"wp:term":[{"taxonomy":"category","embeddable":true,"href":"http:\/\/medienagentur-rieger.de\/wordpress\/wp-json\/wp\/v2\/categories?post=804"},{"taxonomy":"post_tag","embeddable":true,"href":"http:\/\/medienagentur-rieger.de\/wordpress\/wp-json\/wp\/v2\/tags?post=804"}],"curies":[{"name":"wp","href":"https:\/\/api.w.org\/{rel}","templated":true}]}}